{"id":1950,"date":"2025-12-10T09:56:42","date_gmt":"2025-12-10T01:56:42","guid":{"rendered":"https:\/\/www.antuai.com\/?p=1950"},"modified":"2025-12-10T11:07:09","modified_gmt":"2025-12-10T03:07:09","slug":"at-rm-006-rainynight-marking-line-retroreflection-detector","status":"publish","type":"post","link":"https:\/\/www.antuai.com\/espanol\/detector-de-retrorreflexion-de-linea-de-marcado-rainynight-en-la-sala-006\/","title":{"rendered":"Detector de retrorreflexi\u00f3n de l\u00ednea de marcado Rainynight AT-RM-006"},"content":{"rendered":"<p>El medidor de retrorreflexi\u00f3n de l\u00edneas de demarcaci\u00f3n es un instrumento port\u00e1til de medici\u00f3n in situ con trayectoria de luz abierta, utilizado para medir el coeficiente de brillo de retrorreflexi\u00f3n de la l\u00ednea de demarcaci\u00f3n. Unidad: mcd\u00b7m\u207b\u00b2\u00b7lx\u207b\u00b9. Las principales caracter\u00edsticas de su investigaci\u00f3n son: la simulaci\u00f3n de un veh\u00edculo de motor circulando por la carretera de noche, la iluminaci\u00f3n de los faros sobre las marcas (hechas de material retrorreflectante) en la carretera y el brillo observado por el conductor en la cabina despu\u00e9s de la reflexi\u00f3n. El par\u00e1metro medido es el coeficiente de luminancia retrorreflectiva nocturna, o valor RL. Este instrumento puede medir la l\u00ednea de demarcaci\u00f3n y el coeficiente de brillo de retrorreflexi\u00f3n de la l\u00ednea de demarcaci\u00f3n oscilante en tres condiciones: seco R_L, h\u00famedo R_(L_wet) y lluvia continua R_(L_rain).<\/p>","protected":false},"excerpt":{"rendered":"<p>El medidor de retrorreflexi\u00f3n de l\u00edneas de demarcaci\u00f3n es un instrumento port\u00e1til de medici\u00f3n in situ con trayectoria de luz abierta, utilizado para medir el coeficiente de brillo de retrorreflexi\u00f3n de la l\u00ednea de demarcaci\u00f3n. Unidad: mcd\u00b7m-2\u00b7lx-1. Las principales caracter\u00edsticas de su investigaci\u00f3n son: la simulaci\u00f3n de un veh\u00edculo motorizado circulando por la carretera de noche, con los faros iluminados sobre las marcas (hechas de [\u2026]<\/p>","protected":false},"author":2,"featured_media":0,"comment_status":"open","ping_status":"open","sticky":false,"template":"","format":"standard","meta":[],"categories":[162],"tags":[],"_links":{"self":[{"href":"https:\/\/www.antuai.com\/espanol\/wp-json\/wp\/v2\/posts\/1950"}],"collection":[{"href":"https:\/\/www.antuai.com\/espanol\/wp-json\/wp\/v2\/posts"}],"about":[{"href":"https:\/\/www.antuai.com\/espanol\/wp-json\/wp\/v2\/types\/post"}],"author":[{"embeddable":true,"href":"https:\/\/www.antuai.com\/espanol\/wp-json\/wp\/v2\/users\/2"}],"replies":[{"embeddable":true,"href":"https:\/\/www.antuai.com\/espanol\/wp-json\/wp\/v2\/comments?post=1950"}],"version-history":[{"count":1,"href":"https:\/\/www.antuai.com\/espanol\/wp-json\/wp\/v2\/posts\/1950\/revisions"}],"predecessor-version":[{"id":1956,"href":"https:\/\/www.antuai.com\/espanol\/wp-json\/wp\/v2\/posts\/1950\/revisions\/1956"}],"wp:attachment":[{"href":"https:\/\/www.antuai.com\/espanol\/wp-json\/wp\/v2\/media?parent=1950"}],"wp:term":[{"taxonomy":"category","embeddable":true,"href":"https:\/\/www.antuai.com\/espanol\/wp-json\/wp\/v2\/categories?post=1950"},{"taxonomy":"post_tag","embeddable":true,"href":"https:\/\/www.antuai.com\/espanol\/wp-json\/wp\/v2\/tags?post=1950"}],"curies":[{"name":"wp","href":"https:\/\/api.w.org\/{rel}","templated":true}]}}